{"id":4850,"date":"2021-12-21T09:24:37","date_gmt":"2021-12-21T08:24:37","guid":{"rendered":"https:\/\/racines.ovh\/?p=4850"},"modified":"2021-12-21T16:58:06","modified_gmt":"2021-12-21T15:58:06","slug":"hibiscus-sabdariffa","status":"publish","type":"post","link":"https:\/\/gebnout.fr\/index.php\/2021\/12\/21\/hibiscus-sabdariffa\/","title":{"rendered":"Hibiscus sabdariffa"},"content":{"rendered":"\t\t<div data-elementor-type=\"wp-post\" data-elementor-id=\"4850\" class=\"elementor elementor-4850\">\n\t\t\t\t\t\t\t\t\t<section class=\"elementor-section elementor-top-section elementor-element elementor-element-616cfbd elementor-section-boxed elementor-section-height-default elementor-section-height-default\" data-id=\"616cfbd\" data-element_type=\"section\">\n\t\t\t\t\t\t<div class=\"elementor-container elementor-column-gap-default\">\n\t\t\t\t\t<div class=\"elementor-column elementor-col-100 elementor-top-column elementor-element elementor-element-14b9155\" data-id=\"14b9155\" data-element_type=\"column\">\n\t\t\t<div class=\"elementor-widget-wrap elementor-element-populated\">\n\t\t\t\t\t\t\t\t<div class=\"elementor-element elementor-element-1d496bd elementor-widget elementor-widget-text-editor\" data-id=\"1d496bd\" data-element_type=\"widget\" data-widget_type=\"text-editor.default\">\n\t\t\t\t<div class=\"elementor-widget-container\">\n\t\t\t<style>\/*! elementor - v3.14.0 - 26-06-2023 *\/\n.elementor-widget-text-editor.elementor-drop-cap-view-stacked .elementor-drop-cap{background-color:#69727d;color:#fff}.elementor-widget-text-editor.elementor-drop-cap-view-framed .elementor-drop-cap{color:#69727d;border:3px solid;background-color:transparent}.elementor-widget-text-editor:not(.elementor-drop-cap-view-default) .elementor-drop-cap{margin-top:8px}.elementor-widget-text-editor:not(.elementor-drop-cap-view-default) .elementor-drop-cap-letter{width:1em;height:1em}.elementor-widget-text-editor .elementor-drop-cap{float:left;text-align:center;line-height:1;font-size:50px}.elementor-widget-text-editor .elementor-drop-cap-letter{display:inline-block}<\/style>\t\t\t\t<p>La vari\u00e9t\u00e9 blanche a fleuri en 2020 dans la v\u00e9randa de Geb-Nout. Les deux vari\u00e9t\u00e9s (blanches et rouges) ont fleuri dans la <b>serre en pleine terre<\/b> en 2021.<\/p>\n<p>Entre la <b>fleur<\/b> et le <b>fruit<\/b>, sa chair est bien plus Terre que Air. La couleur de l&#8217;Hibiscus rouge rappelle la <b>profondeur<\/b> de cette fleur, que l&#8217;on retrouve autant dans ses ar\u00f4mes que dans ses propri\u00e9t\u00e9s m\u00e9dicinales. La signature de la feuille est tr\u00e8s claire : <b>circulation sanguine<\/b>&#8230; <br><\/p>\n<p>D\u00e9couvrez plus sur cette plante <a href=\"https:\/\/www.youtube.com\/watch?v=owGf2-tWnTc\" target=\"_blank\">ici<\/a>.<br><\/p>\n<p>D\u00e9gustez l&#8217;infusion d&#8217;hibiscus, <a href=\"https:\/\/racines.ovh\/index.php\/produit\/bissap\/\" target=\"_blank\">le Bissap<\/a> &#8211; plus proche d&#8217;un jus que d&#8217;une infusion dans sa densit\u00e9 de saveurs &#8211; de Geb-Nout. Pauvre en sucres, parfum\u00e9 d&#8217;\u00e9pices et d&#8217;agrumes.<br><\/p>\n<p><\/p>\t\t\t\t\t\t<\/div>\n\t\t\t\t<\/div>\n\t\t\t\t\t<\/div>\n\t\t<\/div>\n\t\t\t\t\t\t\t<\/div>\n\t\t<\/section>\n\t\t\t\t<section class=\"elementor-section elementor-top-section elementor-element elementor-element-a7da2f1 elementor-section-boxed elementor-section-height-default elementor-section-height-default\" data-id=\"a7da2f1\" data-element_type=\"section\">\n\t\t\t\t\t\t<div class=\"elementor-container elementor-column-gap-default\">\n\t\t\t\t\t<div class=\"elementor-column elementor-col-100 elementor-top-column elementor-element elementor-element-31b5238\" data-id=\"31b5238\" data-element_type=\"column\">\n\t\t\t<div class=\"elementor-widget-wrap elementor-element-populated\">\n\t\t\t\t\t\t\t\t<section class=\"elementor-section elementor-inner-section elementor-element elementor-element-1409b21 elementor-section-boxed elementor-section-height-default elementor-section-height-default\" data-id=\"1409b21\" data-element_type=\"section\">\n\t\t\t\t\t\t<div class=\"elementor-container elementor-column-gap-default\">\n\t\t\t\t\t<div class=\"elementor-column elementor-col-50 elementor-inner-column elementor-element elementor-element-1f3cd2d\" data-id=\"1f3cd2d\" data-element_type=\"column\">\n\t\t\t<div class=\"elementor-widget-wrap elementor-element-populated\">\n\t\t\t\t\t\t\t\t<div class=\"elementor-element elementor-element-5aa8ce2 elementor-widget elementor-widget-image\" data-id=\"5aa8ce2\" data-element_type=\"widget\" data-widget_type=\"image.default\">\n\t\t\t\t<div class=\"elementor-widget-container\">\n\t\t\t<style>\/*! elementor - v3.14.0 - 26-06-2023 *\/\n.elementor-widget-image{text-align:center}.elementor-widget-image a{display:inline-block}.elementor-widget-image a img[src$=\".svg\"]{width:48px}.elementor-widget-image img{vertical-align:middle;display:inline-block}<\/style>\t\t\t\t\t\t\t\t\t\t\t\t<img loading=\"lazy\" decoding=\"async\" width=\"768\" height=\"1024\" src=\"https:\/\/i0.wp.com\/gebnout.fr\/wp-content\/uploads\/2021\/09\/UNADJUSTEDNONRAW_thumb_efe.jpg?fit=768%2C1024&amp;ssl=1\" class=\"attachment-large size-large wp-image-2446\" alt=\"\" srcset=\"https:\/\/i0.wp.com\/gebnout.fr\/wp-content\/uploads\/2021\/09\/UNADJUSTEDNONRAW_thumb_efe.jpg?w=768&amp;ssl=1 768w, https:\/\/i0.wp.com\/gebnout.fr\/wp-content\/uploads\/2021\/09\/UNADJUSTEDNONRAW_thumb_efe.jpg?resize=225%2C300&amp;ssl=1 225w, https:\/\/i0.wp.com\/gebnout.fr\/wp-content\/uploads\/2021\/09\/UNADJUSTEDNONRAW_thumb_efe.jpg?resize=600%2C800&amp;ssl=1 600w\" sizes=\"(max-width: 768px) 100vw, 768px\" \/>\t\t\t\t\t\t\t\t\t\t\t\t\t\t\t<\/div>\n\t\t\t\t<\/div>\n\t\t\t\t<div class=\"elementor-element elementor-element-e5316e1 elementor-widget elementor-widget-image\" data-id=\"e5316e1\" data-element_type=\"widget\" data-widget_type=\"image.default\">\n\t\t\t\t<div class=\"elementor-widget-container\">\n\t\t\t\t\t\t\t\t\t\t\t\t\t\t\t<img loading=\"lazy\" decoding=\"async\" width=\"225\" height=\"300\" src=\"https:\/\/i0.wp.com\/gebnout.fr\/wp-content\/uploads\/2021\/12\/IMG_3763-scaled.jpg?fit=225%2C300&amp;ssl=1\" class=\"attachment-medium size-medium wp-image-4853\" alt=\"\" srcset=\"https:\/\/i0.wp.com\/gebnout.fr\/wp-content\/uploads\/2021\/12\/IMG_3763-scaled.jpg?w=1920&amp;ssl=1 1920w, https:\/\/i0.wp.com\/gebnout.fr\/wp-content\/uploads\/2021\/12\/IMG_3763-scaled.jpg?resize=225%2C300&amp;ssl=1 225w, https:\/\/i0.wp.com\/gebnout.fr\/wp-content\/uploads\/2021\/12\/IMG_3763-scaled.jpg?resize=768%2C1024&amp;ssl=1 768w, https:\/\/i0.wp.com\/gebnout.fr\/wp-content\/uploads\/2021\/12\/IMG_3763-scaled.jpg?resize=1152%2C1536&amp;ssl=1 1152w, https:\/\/i0.wp.com\/gebnout.fr\/wp-content\/uploads\/2021\/12\/IMG_3763-scaled.jpg?resize=1536%2C2048&amp;ssl=1 1536w, https:\/\/i0.wp.com\/gebnout.fr\/wp-content\/uploads\/2021\/12\/IMG_3763-scaled.jpg?resize=600%2C800&amp;ssl=1 600w\" sizes=\"(max-width: 225px) 100vw, 225px\" \/>\t\t\t\t\t\t\t\t\t\t\t\t\t\t\t<\/div>\n\t\t\t\t<\/div>\n\t\t\t\t\t<\/div>\n\t\t<\/div>\n\t\t\t\t<div class=\"elementor-column elementor-col-50 elementor-inner-column elementor-element elementor-element-c21d68a\" data-id=\"c21d68a\" data-element_type=\"column\">\n\t\t\t<div class=\"elementor-widget-wrap elementor-element-populated\">\n\t\t\t\t\t\t\t\t<div class=\"elementor-element elementor-element-3563956 elementor-widget elementor-widget-image\" data-id=\"3563956\" data-element_type=\"widget\" data-widget_type=\"image.default\">\n\t\t\t\t<div class=\"elementor-widget-container\">\n\t\t\t\t\t\t\t\t\t\t\t\t\t\t\t<img loading=\"lazy\" decoding=\"async\" width=\"768\" height=\"1024\" src=\"https:\/\/i0.wp.com\/gebnout.fr\/wp-content\/uploads\/2021\/12\/IMG_3768-scaled.jpg?fit=768%2C1024&amp;ssl=1\" class=\"attachment-large size-large wp-image-4854\" alt=\"\" srcset=\"https:\/\/i0.wp.com\/gebnout.fr\/wp-content\/uploads\/2021\/12\/IMG_3768-scaled.jpg?w=1920&amp;ssl=1 1920w, https:\/\/i0.wp.com\/gebnout.fr\/wp-content\/uploads\/2021\/12\/IMG_3768-scaled.jpg?resize=225%2C300&amp;ssl=1 225w, https:\/\/i0.wp.com\/gebnout.fr\/wp-content\/uploads\/2021\/12\/IMG_3768-scaled.jpg?resize=768%2C1024&amp;ssl=1 768w, https:\/\/i0.wp.com\/gebnout.fr\/wp-content\/uploads\/2021\/12\/IMG_3768-scaled.jpg?resize=1152%2C1536&amp;ssl=1 1152w, https:\/\/i0.wp.com\/gebnout.fr\/wp-content\/uploads\/2021\/12\/IMG_3768-scaled.jpg?resize=1536%2C2048&amp;ssl=1 1536w, https:\/\/i0.wp.com\/gebnout.fr\/wp-content\/uploads\/2021\/12\/IMG_3768-scaled.jpg?resize=600%2C800&amp;ssl=1 600w\" sizes=\"(max-width: 768px) 100vw, 768px\" \/>\t\t\t\t\t\t\t\t\t\t\t\t\t\t\t<\/div>\n\t\t\t\t<\/div>\n\t\t\t\t<div class=\"elementor-element elementor-element-d6a9d59 elementor-widget elementor-widget-image\" data-id=\"d6a9d59\" data-element_type=\"widget\" data-widget_type=\"image.default\">\n\t\t\t\t<div class=\"elementor-widget-container\">\n\t\t\t\t\t\t\t\t\t\t\t\t\t\t\t<img loading=\"lazy\" decoding=\"async\" width=\"1024\" height=\"768\" src=\"https:\/\/i0.wp.com\/gebnout.fr\/wp-content\/uploads\/2021\/09\/UNADJUSTEDNONRAW_thumb_e87.jpg?fit=1024%2C768&amp;ssl=1\" class=\"attachment-large size-large wp-image-2443\" alt=\"\" srcset=\"https:\/\/i0.wp.com\/gebnout.fr\/wp-content\/uploads\/2021\/09\/UNADJUSTEDNONRAW_thumb_e87.jpg?w=1024&amp;ssl=1 1024w, https:\/\/i0.wp.com\/gebnout.fr\/wp-content\/uploads\/2021\/09\/UNADJUSTEDNONRAW_thumb_e87.jpg?resize=300%2C225&amp;ssl=1 300w, https:\/\/i0.wp.com\/gebnout.fr\/wp-content\/uploads\/2021\/09\/UNADJUSTEDNONRAW_thumb_e87.jpg?resize=768%2C576&amp;ssl=1 768w, https:\/\/i0.wp.com\/gebnout.fr\/wp-content\/uploads\/2021\/09\/UNADJUSTEDNONRAW_thumb_e87.jpg?resize=600%2C450&amp;ssl=1 600w\" sizes=\"(max-width: 1024px) 100vw, 1024px\" \/>\t\t\t\t\t\t\t\t\t\t\t\t\t\t\t<\/div>\n\t\t\t\t<\/div>\n\t\t\t\t\t<\/div>\n\t\t<\/div>\n\t\t\t\t\t\t\t<\/div>\n\t\t<\/section>\n\t\t\t\t\t<\/div>\n\t\t<\/div>\n\t\t\t\t\t\t\t<\/div>\n\t\t<\/section>\n\t\t\t\t<section class=\"elementor-section elementor-top-section elementor-element elementor-element-8b5c856 elementor-section-boxed elementor-section-height-default elementor-section-height-default\" data-id=\"8b5c856\" data-element_type=\"section\">\n\t\t\t\t\t\t<div class=\"elementor-container elementor-column-gap-default\">\n\t\t\t\t\t<div class=\"elementor-column elementor-col-100 elementor-top-column elementor-element elementor-element-acb4c67\" data-id=\"acb4c67\" data-element_type=\"column\">\n\t\t\t<div class=\"elementor-widget-wrap\">\n\t\t\t\t\t\t\t\t\t<\/div>\n\t\t<\/div>\n\t\t\t\t\t\t\t<\/div>\n\t\t<\/section>\n\t\t\t\t\t\t\t<\/div>\n\t\t","protected":false},"excerpt":{"rendered":"<p>La vari\u00e9t\u00e9 blanche a fleuri en 2020 dans la v\u00e9randa de Geb-Nout. Les deux vari\u00e9t\u00e9s (blanches et rouges) ont fleuri dans la serre en pleine terre en 2021. Entre la&hellip;&nbsp;<a href=\"https:\/\/gebnout.fr\/index.php\/2021\/12\/21\/hibiscus-sabdariffa\/\" class=\"\" rel=\"bookmark\">Lire la suite &raquo;<span class=\"screen-reader-text\">Hibiscus sabdariffa<\/span><\/a><\/p>\n","protected":false},"author":1,"featured_media":0,"comment_status":"open","ping_status":"closed","sticky":false,"template":"","format":"standard","meta":{"neve_meta_sidebar":"","neve_meta_container":"","neve_meta_enable_content_width":"","neve_meta_content_width":0,"neve_meta_title_alignment":"","neve_meta_author_avatar":"","neve_post_elements_order":"","neve_meta_disable_header":"","neve_meta_disable_footer":"","neve_meta_disable_title":"","_ti_tpc_template_sync":false,"_ti_tpc_template_id":"","_jetpack_memberships_contains_paid_content":false,"footnotes":""},"categories":[52,60],"tags":[],"yoast_head":"<!-- This site is optimized with the Yoast SEO plugin v22.6 - https:\/\/yoast.com\/wordpress\/plugins\/seo\/ -->\n<title>Hibiscus sabdariffa - Geb Nout<\/title>\n<meta name=\"robots\" content=\"index, follow, max-snippet:-1, max-image-preview:large, max-video-preview:-1\" \/>\n<link rel=\"canonical\" href=\"https:\/\/gebnout.fr\/index.php\/2021\/12\/21\/hibiscus-sabdariffa\/\" \/>\n<meta property=\"og:locale\" content=\"fr_FR\" \/>\n<meta property=\"og:type\" content=\"article\" \/>\n<meta property=\"og:title\" content=\"Hibiscus sabdariffa - Geb Nout\" \/>\n<meta property=\"og:description\" content=\"La vari\u00e9t\u00e9 blanche a fleuri en 2020 dans la v\u00e9randa de Geb-Nout. Les deux vari\u00e9t\u00e9s (blanches et rouges) ont fleuri dans la serre en pleine terre en 2021. Entre la&hellip;&nbsp;Lire la suite &raquo;Hibiscus sabdariffa\" \/>\n<meta property=\"og:url\" content=\"https:\/\/gebnout.fr\/index.php\/2021\/12\/21\/hibiscus-sabdariffa\/\" \/>\n<meta property=\"og:site_name\" content=\"Geb Nout\" \/>\n<meta property=\"article:published_time\" content=\"2021-12-21T08:24:37+00:00\" \/>\n<meta property=\"article:modified_time\" content=\"2021-12-21T15:58:06+00:00\" \/>\n<meta property=\"og:image\" content=\"http:\/\/racines.ovh\/wp-content\/uploads\/2021\/09\/UNADJUSTEDNONRAW_thumb_efe.jpg\" \/>\n<meta name=\"author\" content=\"Gebnout\" \/>\n<meta name=\"twitter:card\" content=\"summary_large_image\" \/>\n<meta name=\"twitter:label1\" content=\"\u00c9crit par\" \/>\n\t<meta name=\"twitter:data1\" content=\"Gebnout\" \/>\n\t<meta name=\"twitter:label2\" content=\"Dur\u00e9e de lecture estim\u00e9e\" \/>\n\t<meta name=\"twitter:data2\" content=\"2 minutes\" \/>\n<script type=\"application\/ld+json\" class=\"yoast-schema-graph\">{\"@context\":\"https:\/\/schema.org\",\"@graph\":[{\"@type\":\"Article\",\"@id\":\"https:\/\/gebnout.fr\/index.php\/2021\/12\/21\/hibiscus-sabdariffa\/#article\",\"isPartOf\":{\"@id\":\"https:\/\/gebnout.fr\/index.php\/2021\/12\/21\/hibiscus-sabdariffa\/\"},\"author\":{\"name\":\"Gebnout\",\"@id\":\"https:\/\/gebnout.fr\/#\/schema\/person\/ce3ffde6d092831b3ffb8de5b5dab18d\"},\"headline\":\"Hibiscus sabdariffa\",\"datePublished\":\"2021-12-21T08:24:37+00:00\",\"dateModified\":\"2021-12-21T15:58:06+00:00\",\"mainEntityOfPage\":{\"@id\":\"https:\/\/gebnout.fr\/index.php\/2021\/12\/21\/hibiscus-sabdariffa\/\"},\"wordCount\":121,\"commentCount\":0,\"publisher\":{\"@id\":\"https:\/\/gebnout.fr\/#organization\"},\"image\":{\"@id\":\"https:\/\/gebnout.fr\/index.php\/2021\/12\/21\/hibiscus-sabdariffa\/#primaryimage\"},\"thumbnailUrl\":\"http:\/\/racines.ovh\/wp-content\/uploads\/2021\/09\/UNADJUSTEDNONRAW_thumb_efe.jpg\",\"articleSection\":[\"Adaptabilit\u00e9 v\u00e9g\u00e9tale\",\"Humain et Sant\u00e9\"],\"inLanguage\":\"fr-FR\",\"potentialAction\":[{\"@type\":\"CommentAction\",\"name\":\"Comment\",\"target\":[\"https:\/\/gebnout.fr\/index.php\/2021\/12\/21\/hibiscus-sabdariffa\/#respond\"]}]},{\"@type\":\"WebPage\",\"@id\":\"https:\/\/gebnout.fr\/index.php\/2021\/12\/21\/hibiscus-sabdariffa\/\",\"url\":\"https:\/\/gebnout.fr\/index.php\/2021\/12\/21\/hibiscus-sabdariffa\/\",\"name\":\"Hibiscus sabdariffa - Geb Nout\",\"isPartOf\":{\"@id\":\"https:\/\/gebnout.fr\/#website\"},\"primaryImageOfPage\":{\"@id\":\"https:\/\/gebnout.fr\/index.php\/2021\/12\/21\/hibiscus-sabdariffa\/#primaryimage\"},\"image\":{\"@id\":\"https:\/\/gebnout.fr\/index.php\/2021\/12\/21\/hibiscus-sabdariffa\/#primaryimage\"},\"thumbnailUrl\":\"http:\/\/racines.ovh\/wp-content\/uploads\/2021\/09\/UNADJUSTEDNONRAW_thumb_efe.jpg\",\"datePublished\":\"2021-12-21T08:24:37+00:00\",\"dateModified\":\"2021-12-21T15:58:06+00:00\",\"breadcrumb\":{\"@id\":\"https:\/\/gebnout.fr\/index.php\/2021\/12\/21\/hibiscus-sabdariffa\/#breadcrumb\"},\"inLanguage\":\"fr-FR\",\"potentialAction\":[{\"@type\":\"ReadAction\",\"target\":[\"https:\/\/gebnout.fr\/index.php\/2021\/12\/21\/hibiscus-sabdariffa\/\"]}]},{\"@type\":\"ImageObject\",\"inLanguage\":\"fr-FR\",\"@id\":\"https:\/\/gebnout.fr\/index.php\/2021\/12\/21\/hibiscus-sabdariffa\/#primaryimage\",\"url\":\"http:\/\/racines.ovh\/wp-content\/uploads\/2021\/09\/UNADJUSTEDNONRAW_thumb_efe.jpg\",\"contentUrl\":\"http:\/\/racines.ovh\/wp-content\/uploads\/2021\/09\/UNADJUSTEDNONRAW_thumb_efe.jpg\"},{\"@type\":\"BreadcrumbList\",\"@id\":\"https:\/\/gebnout.fr\/index.php\/2021\/12\/21\/hibiscus-sabdariffa\/#breadcrumb\",\"itemListElement\":[{\"@type\":\"ListItem\",\"position\":1,\"name\":\"Accueil\",\"item\":\"https:\/\/gebnout.fr\/\"},{\"@type\":\"ListItem\",\"position\":2,\"name\":\"Hibiscus sabdariffa\"}]},{\"@type\":\"WebSite\",\"@id\":\"https:\/\/gebnout.fr\/#website\",\"url\":\"https:\/\/gebnout.fr\/\",\"name\":\"Geb Nout\",\"description\":\"Passeur de v\u00e9g\u00e9taux\",\"publisher\":{\"@id\":\"https:\/\/gebnout.fr\/#organization\"},\"potentialAction\":[{\"@type\":\"SearchAction\",\"target\":{\"@type\":\"EntryPoint\",\"urlTemplate\":\"https:\/\/gebnout.fr\/?s={search_term_string}\"},\"query-input\":\"required name=search_term_string\"}],\"inLanguage\":\"fr-FR\"},{\"@type\":\"Organization\",\"@id\":\"https:\/\/gebnout.fr\/#organization\",\"name\":\"Geb Nout\",\"url\":\"https:\/\/gebnout.fr\/\",\"logo\":{\"@type\":\"ImageObject\",\"inLanguage\":\"fr-FR\",\"@id\":\"https:\/\/gebnout.fr\/#\/schema\/logo\/image\/\",\"url\":\"https:\/\/i0.wp.com\/gebnout.fr\/wp-content\/uploads\/2023\/04\/bourgeon-cassis-e1708104877110.png?fit=100%2C114&ssl=1\",\"contentUrl\":\"https:\/\/i0.wp.com\/gebnout.fr\/wp-content\/uploads\/2023\/04\/bourgeon-cassis-e1708104877110.png?fit=100%2C114&ssl=1\",\"width\":100,\"height\":114,\"caption\":\"Geb Nout\"},\"image\":{\"@id\":\"https:\/\/gebnout.fr\/#\/schema\/logo\/image\/\"}},{\"@type\":\"Person\",\"@id\":\"https:\/\/gebnout.fr\/#\/schema\/person\/ce3ffde6d092831b3ffb8de5b5dab18d\",\"name\":\"Gebnout\",\"image\":{\"@type\":\"ImageObject\",\"inLanguage\":\"fr-FR\",\"@id\":\"https:\/\/gebnout.fr\/#\/schema\/person\/image\/\",\"url\":\"https:\/\/secure.gravatar.com\/avatar\/c28c833b043e627516aade7b11d9b606?s=96&d=mm&r=g\",\"contentUrl\":\"https:\/\/secure.gravatar.com\/avatar\/c28c833b043e627516aade7b11d9b606?s=96&d=mm&r=g\",\"caption\":\"Gebnout\"},\"url\":\"https:\/\/gebnout.fr\/index.php\/author\/admin6153\/\"}]}<\/script>\n<!-- \/ Yoast SEO plugin. -->","yoast_head_json":{"title":"Hibiscus sabdariffa - Geb Nout","robots":{"index":"index","follow":"follow","max-snippet":"max-snippet:-1","max-image-preview":"max-image-preview:large","max-video-preview":"max-video-preview:-1"},"canonical":"https:\/\/gebnout.fr\/index.php\/2021\/12\/21\/hibiscus-sabdariffa\/","og_locale":"fr_FR","og_type":"article","og_title":"Hibiscus sabdariffa - Geb Nout","og_description":"La vari\u00e9t\u00e9 blanche a fleuri en 2020 dans la v\u00e9randa de Geb-Nout. Les deux vari\u00e9t\u00e9s (blanches et rouges) ont fleuri dans la serre en pleine terre en 2021. Entre la&hellip;&nbsp;Lire la suite &raquo;Hibiscus sabdariffa","og_url":"https:\/\/gebnout.fr\/index.php\/2021\/12\/21\/hibiscus-sabdariffa\/","og_site_name":"Geb Nout","article_published_time":"2021-12-21T08:24:37+00:00","article_modified_time":"2021-12-21T15:58:06+00:00","og_image":[{"url":"http:\/\/racines.ovh\/wp-content\/uploads\/2021\/09\/UNADJUSTEDNONRAW_thumb_efe.jpg"}],"author":"Gebnout","twitter_card":"summary_large_image","twitter_misc":{"\u00c9crit par":"Gebnout","Dur\u00e9e de lecture estim\u00e9e":"2 minutes"},"schema":{"@context":"https:\/\/schema.org","@graph":[{"@type":"Article","@id":"https:\/\/gebnout.fr\/index.php\/2021\/12\/21\/hibiscus-sabdariffa\/#article","isPartOf":{"@id":"https:\/\/gebnout.fr\/index.php\/2021\/12\/21\/hibiscus-sabdariffa\/"},"author":{"name":"Gebnout","@id":"https:\/\/gebnout.fr\/#\/schema\/person\/ce3ffde6d092831b3ffb8de5b5dab18d"},"headline":"Hibiscus sabdariffa","datePublished":"2021-12-21T08:24:37+00:00","dateModified":"2021-12-21T15:58:06+00:00","mainEntityOfPage":{"@id":"https:\/\/gebnout.fr\/index.php\/2021\/12\/21\/hibiscus-sabdariffa\/"},"wordCount":121,"commentCount":0,"publisher":{"@id":"https:\/\/gebnout.fr\/#organization"},"image":{"@id":"https:\/\/gebnout.fr\/index.php\/2021\/12\/21\/hibiscus-sabdariffa\/#primaryimage"},"thumbnailUrl":"http:\/\/racines.ovh\/wp-content\/uploads\/2021\/09\/UNADJUSTEDNONRAW_thumb_efe.jpg","articleSection":["Adaptabilit\u00e9 v\u00e9g\u00e9tale","Humain et Sant\u00e9"],"inLanguage":"fr-FR","potentialAction":[{"@type":"CommentAction","name":"Comment","target":["https:\/\/gebnout.fr\/index.php\/2021\/12\/21\/hibiscus-sabdariffa\/#respond"]}]},{"@type":"WebPage","@id":"https:\/\/gebnout.fr\/index.php\/2021\/12\/21\/hibiscus-sabdariffa\/","url":"https:\/\/gebnout.fr\/index.php\/2021\/12\/21\/hibiscus-sabdariffa\/","name":"Hibiscus sabdariffa - Geb Nout","isPartOf":{"@id":"https:\/\/gebnout.fr\/#website"},"primaryImageOfPage":{"@id":"https:\/\/gebnout.fr\/index.php\/2021\/12\/21\/hibiscus-sabdariffa\/#primaryimage"},"image":{"@id":"https:\/\/gebnout.fr\/index.php\/2021\/12\/21\/hibiscus-sabdariffa\/#primaryimage"},"thumbnailUrl":"http:\/\/racines.ovh\/wp-content\/uploads\/2021\/09\/UNADJUSTEDNONRAW_thumb_efe.jpg","datePublished":"2021-12-21T08:24:37+00:00","dateModified":"2021-12-21T15:58:06+00:00","breadcrumb":{"@id":"https:\/\/gebnout.fr\/index.php\/2021\/12\/21\/hibiscus-sabdariffa\/#breadcrumb"},"inLanguage":"fr-FR","potentialAction":[{"@type":"ReadAction","target":["https:\/\/gebnout.fr\/index.php\/2021\/12\/21\/hibiscus-sabdariffa\/"]}]},{"@type":"ImageObject","inLanguage":"fr-FR","@id":"https:\/\/gebnout.fr\/index.php\/2021\/12\/21\/hibiscus-sabdariffa\/#primaryimage","url":"http:\/\/racines.ovh\/wp-content\/uploads\/2021\/09\/UNADJUSTEDNONRAW_thumb_efe.jpg","contentUrl":"http:\/\/racines.ovh\/wp-content\/uploads\/2021\/09\/UNADJUSTEDNONRAW_thumb_efe.jpg"},{"@type":"BreadcrumbList","@id":"https:\/\/gebnout.fr\/index.php\/2021\/12\/21\/hibiscus-sabdariffa\/#breadcrumb","itemListElement":[{"@type":"ListItem","position":1,"name":"Accueil","item":"https:\/\/gebnout.fr\/"},{"@type":"ListItem","position":2,"name":"Hibiscus sabdariffa"}]},{"@type":"WebSite","@id":"https:\/\/gebnout.fr\/#website","url":"https:\/\/gebnout.fr\/","name":"Geb Nout","description":"Passeur de v\u00e9g\u00e9taux","publisher":{"@id":"https:\/\/gebnout.fr\/#organization"},"potentialAction":[{"@type":"SearchAction","target":{"@type":"EntryPoint","urlTemplate":"https:\/\/gebnout.fr\/?s={search_term_string}"},"query-input":"required name=search_term_string"}],"inLanguage":"fr-FR"},{"@type":"Organization","@id":"https:\/\/gebnout.fr\/#organization","name":"Geb Nout","url":"https:\/\/gebnout.fr\/","logo":{"@type":"ImageObject","inLanguage":"fr-FR","@id":"https:\/\/gebnout.fr\/#\/schema\/logo\/image\/","url":"https:\/\/i0.wp.com\/gebnout.fr\/wp-content\/uploads\/2023\/04\/bourgeon-cassis-e1708104877110.png?fit=100%2C114&ssl=1","contentUrl":"https:\/\/i0.wp.com\/gebnout.fr\/wp-content\/uploads\/2023\/04\/bourgeon-cassis-e1708104877110.png?fit=100%2C114&ssl=1","width":100,"height":114,"caption":"Geb Nout"},"image":{"@id":"https:\/\/gebnout.fr\/#\/schema\/logo\/image\/"}},{"@type":"Person","@id":"https:\/\/gebnout.fr\/#\/schema\/person\/ce3ffde6d092831b3ffb8de5b5dab18d","name":"Gebnout","image":{"@type":"ImageObject","inLanguage":"fr-FR","@id":"https:\/\/gebnout.fr\/#\/schema\/person\/image\/","url":"https:\/\/secure.gravatar.com\/avatar\/c28c833b043e627516aade7b11d9b606?s=96&d=mm&r=g","contentUrl":"https:\/\/secure.gravatar.com\/avatar\/c28c833b043e627516aade7b11d9b606?s=96&d=mm&r=g","caption":"Gebnout"},"url":"https:\/\/gebnout.fr\/index.php\/author\/admin6153\/"}]}},"jetpack_sharing_enabled":true,"jetpack_featured_media_url":"","_links":{"self":[{"href":"https:\/\/gebnout.fr\/index.php\/wp-json\/wp\/v2\/posts\/4850"}],"collection":[{"href":"https:\/\/gebnout.fr\/index.php\/wp-json\/wp\/v2\/posts"}],"about":[{"href":"https:\/\/gebnout.fr\/index.php\/wp-json\/wp\/v2\/types\/post"}],"author":[{"embeddable":true,"href":"https:\/\/gebnout.fr\/index.php\/wp-json\/wp\/v2\/users\/1"}],"replies":[{"embeddable":true,"href":"https:\/\/gebnout.fr\/index.php\/wp-json\/wp\/v2\/comments?post=4850"}],"version-history":[{"count":15,"href":"https:\/\/gebnout.fr\/index.php\/wp-json\/wp\/v2\/posts\/4850\/revisions"}],"predecessor-version":[{"id":4884,"href":"https:\/\/gebnout.fr\/index.php\/wp-json\/wp\/v2\/posts\/4850\/revisions\/4884"}],"wp:attachment":[{"href":"https:\/\/gebnout.fr\/index.php\/wp-json\/wp\/v2\/media?parent=4850"}],"wp:term":[{"taxonomy":"category","embeddable":true,"href":"https:\/\/gebnout.fr\/index.php\/wp-json\/wp\/v2\/categories?post=4850"},{"taxonomy":"post_tag","embeddable":true,"href":"https:\/\/gebnout.fr\/index.php\/wp-json\/wp\/v2\/tags?post=4850"}],"curies":[{"name":"wp","href":"https:\/\/api.w.org\/{rel}","templated":true}]}}